{"id":331,"date":"2025-07-23T15:09:19","date_gmt":"2025-07-23T15:09:19","guid":{"rendered":"https:\/\/abducaoliteraria.com.br\/blog\/?p=331"},"modified":"2025-07-23T15:18:16","modified_gmt":"2025-07-23T15:18:16","slug":"meu-caderno-de-leituras-2025","status":"publish","type":"post","link":"https:\/\/abducaoliteraria.com.br\/blog\/2025\/07\/23\/meu-caderno-de-leituras-2025\/","title":{"rendered":"Meu Caderno de Leituras 2025"},"content":{"rendered":"\n<p>Uma jornada de organiza\u00e7\u00e3o, criatividade e afeto pelas hist\u00f3rias.<\/p>\n\n\n\n<p>Quando comecei meu caderno de leituras para 2025, minha ideia era simples: registrar com mais carinho as minhas experi\u00eancias com os livros. Eu estava h\u00e1 um tempo afastada dos vlogs de leitura, mas sentia saudade de me conectar com as hist\u00f3rias de uma forma mais \u00edntima, e assim surgiu esse projeto que misturou papelaria, colagens, adesivos e muita empolga\u00e7\u00e3o.<\/p>\n\n\n\n<div class=\"wp-block-media-text is-stacked-on-mobile\" style=\"grid-template-columns:23% auto\"><figure class=\"wp-block-media-text__media\"><img loading=\"lazy\" decoding=\"async\" width=\"807\" height=\"1024\" src=\"https:\/\/abducaoliteraria.com.br\/blog\/wp-content\/uploads\/2025\/07\/miles-807x1024.png\" alt=\"\" class=\"wp-image-334 size-full\" srcset=\"https:\/\/abducaoliteraria.com.br\/blog\/wp-content\/uploads\/2025\/07\/miles-807x1024.png 807w, https:\/\/abducaoliteraria.com.br\/blog\/wp-content\/uploads\/2025\/07\/miles-236x300.png 236w, https:\/\/abducaoliteraria.com.br\/blog\/wp-content\/uploads\/2025\/07\/miles-768x975.png 768w, https:\/\/abducaoliteraria.com.br\/blog\/wp-content\/uploads\/2025\/07\/miles.png 851w\" sizes=\"auto, (max-width: 807px) 100vw, 807px\" \/><\/figure><div class=\"wp-block-media-text__content\">\n<p>Personalizei dois cadernos: um de estat\u00edsticas e outro de resenhas. No v\u00eddeo em que mostrei tudo isso pela primeira vez, compartilhei desde a escolha dos materiais (sim, o Miles apareceu o tempo todo!) at\u00e9 as p\u00e1ginas que n\u00e3o sa\u00edram t\u00e3o perfeitas assim. Mas essa \u00e9 justamente a beleza do processo: \u00e9 tudo feito \u00e0 m\u00e3o, com liberdade e sem press\u00e3o. S\u00f3 amor pelo que eu leio.<\/p>\n<\/div><\/div>\n\n\n\n<p>Tem espa\u00e7o para estantes ilustradas, metas afetivas, mapa de leituras por pa\u00eds, p\u00e1ginas para autores favoritos (al\u00f4, Sanderson!) e at\u00e9 um cantinho para o nosso clube de leitura <em><a href=\"https:\/\/abducaoliteraria.com.br\/blog\/tag\/alem-das-paginas\/\">Al\u00e9m das P\u00e1ginas<\/a><\/em>, que fa\u00e7o junto com a Paloma.<\/p>\n\n\n\n<p><a href=\"https:\/\/www.youtube.com\/watch?v=QSzAfgKMwoU&amp;list=PL5qWSGg_xESgcwEjuUNdJ5Bb2nJEixQW3\">Voc\u00ea pode assistir esse primeiro v\u00eddeo aqui na playlist<\/a>, onde explico tudo desde o comecinho.<\/p>\n\n\n\n<h3 class=\"wp-block-heading\">E como est\u00e1 o caderno agora, no meio do ano?<\/h3>\n\n\n\n<p>No meu v\u00eddeo mais recente, trago a primeira atualiza\u00e7\u00e3o completa do projeto. E mesmo com uma ressaca liter\u00e1ria forte entre mar\u00e7o e abril, consegui registrar 13 leituras at\u00e9 agora. Foi um respiro voltar a essa organiza\u00e7\u00e3o criativa, ainda mais sabendo que eu podia ser 100% honesta nos registros.<\/p>\n\n\n\n<p>No caderno de <strong>estat\u00edsticas<\/strong>, marquei os pa\u00edses de origem das leituras com mini alfinetes desenhados e preenchi com orgulho as p\u00e1ginas de autores que amo. Tamb\u00e9m criei uma se\u00e7\u00e3o para animes! Porque sim, isso virou um novo v\u00edcio.<\/p>\n\n\n\n<p>J\u00e1 no caderno de <strong>resenhas<\/strong>, o lema foi liberdade total. Algumas p\u00e1ginas est\u00e3o cheias de colagens, rabiscos e frases empolgadas. Outras s\u00e3o mais enxutas, quase desabafos. N\u00e3o tem certo ou errado quando o foco \u00e9 registrar o que o livro causou em mim.<\/p>\n\n\n\n<p>Esse v\u00eddeo n\u00e3o teve tanto alcance quanto eu esperava, ent\u00e3o se puder assistir, comentar ou compartilhar, seria um apoio enorme! <\/p>\n\n\n\n<figure class=\"wp-block-embed is-type-video is-provider-youtube wp-block-embed-youtube wp-embed-aspect-16-9 wp-has-aspect-ratio\"><div class=\"wp-block-embed__wrapper\">\n<iframe loading=\"lazy\" title=\"Atualiza\u00e7\u00e3o no caderno de leituras: meio do ano | Reading journal \u270d\ud83c\udffb\u2728\" width=\"500\" height=\"281\" src=\"https:\/\/www.youtube.com\/embed\/QSzAfgKMwoU?feature=oembed\" frameborder=\"0\" allow=\"accelerometer; autoplay; clipboard-write; encrypted-media; gyroscope; picture-in-picture; web-share\" referrerpolicy=\"strict-origin-when-cross-origin\" allowfullscreen><\/iframe>\n<\/div><\/figure>\n\n\n\n<h3 class=\"wp-block-heading\">Por que voc\u00ea deveria tentar?<\/h3>\n\n\n\n<p>Se voc\u00ea ama ler e tamb\u00e9m sente prazer em ver o seu pr\u00f3prio progresso tomando forma, te convido de cora\u00e7\u00e3o a experimentar montar um caderno de leituras. N\u00e3o precisa ter &#8220;o dom&#8221; ou fazer algo instagram\u00e1vel, o que importa \u00e9 o significado que voc\u00ea d\u00e1 para cada p\u00e1gina preenchida.<\/p>\n\n\n\n<p>Esse projeto se tornou quase terap\u00eautico pra mim. Ver s\u00e9ries sendo completadas, resgatar o que senti em cada leitura, me permitir criar sem amarras, tudo isso tem me conectado ainda mais com os livros e com quem eu sou como leitora.<\/p>\n\n\n\n<p>E se quiser acompanhar essa jornada, deixo aqui minha <strong>playlist completa de v\u00eddeos sobre o caderno de leituras<\/strong>:<br><a href=\"https:\/\/www.youtube.com\/watch?v=QSzAfgKMwoU&amp;list=PL5qWSGg_xESgcwEjuUNdJ5Bb2nJEixQW3\">Playlist: Meu Caderno de Leituras 2025<\/a><\/p>\n\n\n\n<p>Como voc\u00ea organiza suas leituras? Me conta!<br>Nos vemos na pr\u00f3xima atualiza\u00e7\u00e3o ou na pr\u00f3xima resenha!<\/p>\n\n\n\n<figure class=\"wp-block-image size-large\"><img loading=\"lazy\" decoding=\"async\" width=\"1024\" height=\"619\" src=\"https:\/\/abducaoliteraria.com.br\/blog\/wp-content\/uploads\/2025\/07\/caderno-de-leituras-2-1024x619.png\" alt=\"\" class=\"wp-image-335\" srcset=\"https:\/\/abducaoliteraria.com.br\/blog\/wp-content\/uploads\/2025\/07\/caderno-de-leituras-2-1024x619.png 1024w, https:\/\/abducaoliteraria.com.br\/blog\/wp-content\/uploads\/2025\/07\/caderno-de-leituras-2-300x181.png 300w, https:\/\/abducaoliteraria.com.br\/blog\/wp-content\/uploads\/2025\/07\/caderno-de-leituras-2-768x464.png 768w, https:\/\/abducaoliteraria.com.br\/blog\/wp-content\/uploads\/2025\/07\/caderno-de-leituras-2-1536x928.png 1536w, https:\/\/abducaoliteraria.com.br\/blog\/wp-content\/uploads\/2025\/07\/caderno-de-leituras-2.png 1788w\" sizes=\"auto, (max-width: 1024px) 100vw, 1024px\" \/><\/figure>\n","protected":false},"excerpt":{"rendered":"<p>Uma jornada de organiza\u00e7\u00e3o, criatividade e afeto pelas hist\u00f3rias. Quando comecei meu caderno de leituras para 2025, minha ideia era simples: registrar com mais carinho as minhas experi\u00eancias com os livros. Eu estava h\u00e1 um tempo afastada dos vlogs de leitura, mas sentia saudade de me conectar com as hist\u00f3rias de uma forma mais \u00edntima, [&hellip;]<\/p>\n","protected":false},"author":4,"featured_media":332,"comment_status":"open","ping_status":"open","sticky":false,"template":"","format":"standard","meta":{"footnotes":""},"categories":[104],"tags":[108,109,105,107,8,106],"class_list":["post-331","post","type-post","status-publish","format-standard","has-post-thumbnail","hentry","category-caderno-de-leituras","tag-atualizacao-caderno-de-leituras","tag-bullet-journal","tag-caderno-de-leituras","tag-caderno-de-leituras-meio-do-ano","tag-livros-de-fantasia","tag-reading-journal"],"_links":{"self":[{"href":"https:\/\/abducaoliteraria.com.br\/blog\/wp-json\/wp\/v2\/posts\/331","targetHints":{"allow":["GET"]}}],"collection":[{"href":"https:\/\/abducaoliteraria.com.br\/blog\/wp-json\/wp\/v2\/posts"}],"about":[{"href":"https:\/\/abducaoliteraria.com.br\/blog\/wp-json\/wp\/v2\/types\/post"}],"author":[{"embeddable":true,"href":"https:\/\/abducaoliteraria.com.br\/blog\/wp-json\/wp\/v2\/users\/4"}],"replies":[{"embeddable":true,"href":"https:\/\/abducaoliteraria.com.br\/blog\/wp-json\/wp\/v2\/comments?post=331"}],"version-history":[{"count":5,"href":"https:\/\/abducaoliteraria.com.br\/blog\/wp-json\/wp\/v2\/posts\/331\/revisions"}],"predecessor-version":[{"id":339,"href":"https:\/\/abducaoliteraria.com.br\/blog\/wp-json\/wp\/v2\/posts\/331\/revisions\/339"}],"wp:featuredmedia":[{"embeddable":true,"href":"https:\/\/abducaoliteraria.com.br\/blog\/wp-json\/wp\/v2\/media\/332"}],"wp:attachment":[{"href":"https:\/\/abducaoliteraria.com.br\/blog\/wp-json\/wp\/v2\/media?parent=331"}],"wp:term":[{"taxonomy":"category","embeddable":true,"href":"https:\/\/abducaoliteraria.com.br\/blog\/wp-json\/wp\/v2\/categories?post=331"},{"taxonomy":"post_tag","embeddable":true,"href":"https:\/\/abducaoliteraria.com.br\/blog\/wp-json\/wp\/v2\/tags?post=331"}],"curies":[{"name":"wp","href":"https:\/\/api.w.org\/{rel}","templated":true}]}}