{"id":258,"date":"2025-07-17T21:43:25","date_gmt":"2025-07-17T21:43:25","guid":{"rendered":"https:\/\/abducaoliteraria.com.br\/blog\/?p=258"},"modified":"2025-07-19T14:49:06","modified_gmt":"2025-07-19T14:49:06","slug":"palavras-de-radiancia-de-brandon-sanderson","status":"publish","type":"post","link":"https:\/\/abducaoliteraria.com.br\/blog\/2025\/07\/17\/palavras-de-radiancia-de-brandon-sanderson\/","title":{"rendered":"Palavras de Radi\u00e2ncia, de Brandon Sanderson"},"content":{"rendered":"\n<p>Sim, Sanderson fez de novo.<\/p>\n\n\n\n<p class=\"has-text-align-right has-small-font-size\" style=\"text-transform:uppercase\">Os Relatos da Guerra das Tempestades: <a href=\"https:\/\/abducaoliteraria.com.br\/blog\/tag\/o-caminho-dos-reis\/\">Livro 1<\/a> | <strong>Livro 2 <\/strong>| <a href=\"https:\/\/abducaoliteraria.com.br\/blog\/2025\/07\/18\/sacramentadora-de-brandon-sanderson\/\">LIVRO 3<\/a><\/p>\n\n\n\n<p>Acompanhar essa s\u00e9rie \u00e9 mesmo uma jornada cheia de emo\u00e7\u00f5es, o que p\u00f5e em pr\u00e1tica um dos principais ideais da hist\u00f3ria: <strong><em>&#8220;jornada antes do destino&#8221;<\/em><\/strong>. Bem, at\u00e9 aqui, a jornada tem se provado intensa e cheia de possibilidades. Em <em>Palavras de Radi\u00e2ncia<\/em>, o segundo volume de O Relato da Guerra das Tempestades, Brandon Sanderson consegue elevar tudo o que foi promissor em <em>O Caminho dos Reis<\/em>.<\/p>\n\n\n\n<p>Mas j\u00e1 adianto: essa resenha cont\u00e9m spoilers tanto do primeiro quanto do segundo livro da s\u00e9rie. Se voc\u00ea ainda n\u00e3o leu, sugiro que pare por aqui e volte depois. Mas se j\u00e1 embarcou nessa tempestade, bora conversar comigo.<\/p>\n\n\n\n<h2 class=\"wp-block-heading\">Uma jornada em expans\u00e3o<\/h2>\n\n\n\n<p>Logo nas primeiras p\u00e1ginas, <em>Palavras de Radi\u00e2ncia<\/em> deixa claro que vai mexer com nossas convic\u00e7\u00f5es. O pr\u00f3logo, dessa vez sob o ponto de vista de <strong>Jasnah Kholin<\/strong>, revisita o assassinato do rei Gavilar, adicionando uma nova e inquietante camada a este acontecimento misterioso. Jasnah, ali\u00e1s, continua sendo uma das minhas personagens favoritas, e ver esse momento com seus olhos foi como abrir uma janela para os bastidores da hist\u00f3ria de Roshar.<\/p>\n\n\n\n<p>Sanderson expande n\u00e3o s\u00f3 os personagens, mas tamb\u00e9m os limites do mundo que criou. A introdu\u00e7\u00e3o mais clara dos <strong>tr\u00eas reinos da Cosmere<\/strong>, o f\u00edsico, o cognitivo e o espiritual,  transforma a nossa compreens\u00e3o da pr\u00f3pria magia. A sensa\u00e7\u00e3o de que finalmente estamos nos aproximando da verdade sobre o funcionamento desse mundo compensa qualquer confus\u00e3o inicial. <\/p>\n\n\n\n<h2 class=\"wp-block-heading\">Personagens de destaque<\/h2>\n\n\n\n<p>O que mais me impressiona em nessa s\u00e9rie \u00e9 que, mesmo com guerras, magia, sociedades secretas e revela\u00e7\u00f5es bomb\u00e1sticas, s\u00e3o os <strong>personagens<\/strong> que ficam. E nesse volume, cada um deles atravessa seus pr\u00f3prios abismos.<\/p>\n\n\n\n&#8220;A Honra est\u00e1 morta, mas verei o que posso fazer.&#8221;\n\n\n\n<p><strong>Kaladin<\/strong>, por exemplo, continua sendo o centro emocional da narrativa. Mas aqui, ele est\u00e1 mais pesado do que nunca. Suas batalhas internas com a <strong>depress\u00e3o<\/strong> s\u00e3o intensas, sufocantes \u00e0s vezes. O peso da responsabilidade, a raiva mal resolvida, a culpa constante. Ver ele conquistar novos poderes, como a habilidade de voar, \u00e9 cat\u00e1rtico, mesmo que triste \u00e0s vezes. Porque sabemos que por tr\u00e1s do her\u00f3i existe algu\u00e9m que n\u00e3o acredita merecer ser salvo. \u00c9 doloroso e real ao mesmo tempo.<\/p>\n\n\n\n<p><strong>Shallan<\/strong> \u00e9 a grande revela\u00e7\u00e3o. Quem parecia ser \u201ca fr\u00e1gil garota inteligente\u201d se revela uma mulher complexa, sarc\u00e1stica e profundamente fragmentada. A forma como ela cria ilus\u00f5es para esconder mem\u00f3rias (inclusive de si mesma) \u00e9 t\u00e3o metaf\u00f3rica quanto literal. E ao mesmo tempo em que ela encanta Adolin com sua intelig\u00eancia, tamb\u00e9m nos desconcerta com sua capacidade de manipular verdades e silenciar dores. N\u00e3o \u00e9 s\u00f3 a personagem de destaque do livro, mas a personagem mais bem criada do Sanderson at\u00e9 aqui.<\/p>\n\n\n\n<p><strong>Dalinar<\/strong>, por outro lado, passa por um processo mais cl\u00e1ssico de reden\u00e7\u00e3o. Ele continua sendo o idealista, o que acredita que \u00e9 poss\u00edvel mudar Alethkar e a si mesmo. Mas sua transforma\u00e7\u00e3o nem sempre convence por completo. Em alguns momentos, senti que ele foi &#8220;perdoado pela narrativa&#8221; com uma facilidade desconfort\u00e1vel, o que acabou perdendo alguns pontos comigo. Ainda assim, sua presen\u00e7a \u00e9 necess\u00e1ria nesse universo t\u00e3o quebrado.<\/p>\n\n\n\n<h2 class=\"wp-block-heading\">Sociedades e segredos<\/h2>\n\n\n\n<p>Enquanto acompanhamos os protagonistas tentando sobreviver \u00e0 pr\u00f3xima batalha, Sanderson vai costurando o pano de fundo com <strong>sociedades secretas<\/strong> e tramas paralelas. Foi gra\u00e7as a uma leitura coletiva que consegui me atentar \u00e0 maioria delas, e entender que cada uma carrega a sua verdade. Estamos falando de sociedades como os <strong>Sanguespectros<\/strong>, uma sociedade secreta com objetivos obscuros, envolvida em espionagem e sabotagem. E fiquem atentos, pois a terceira era de <strong>Mistborn ganhar\u00e1 um livro com este mesmo nome<\/strong>, ou seja, essa turminha tamb\u00e9m estar\u00e1 por Scadrial. <\/p>\n\n\n\n<p>Tamb\u00e9m conhecemos o <strong>Diagrama<\/strong>, um grupo fundado por Taravangian com base em previs\u00f5es matem\u00e1ticas, seu objetivo \u00e9 salvar a humanidade a qualquer custo. E foi bem aqui que meu fasc\u00ednio por esse senhorzinho come\u00e7ou, por mais mau car\u00e1ter e sem escr\u00fapulos que ele seja. E para finalizar, tamb\u00e9m identifiquei os Rompec\u00e9us, uma Ordem de Cavaleiros Radiantes que segue rigidamente a lei acima da moral. <\/p>\n\n\n\n<p>Ao conhecer essas sociedades secretas e personagens brilhantes, como Taravangian ou at\u00e9 mesmo Jasnah, cuja presen\u00e7a ainda \u00e9 t\u00e3o reservada, fica a sensa\u00e7\u00e3o de que estamos apenas tocando a superf\u00edcie desse mundo. Como se estiv\u00e9ssemos na pontinha do iceberg, com muito ainda escondido. Pela primeira vez, uma inquieta\u00e7\u00e3o me atingiu: ser\u00e1 que haver\u00e1 tempo para tudo isso se amarrar? Ou o que estamos descobrindo aqui vai muito al\u00e9m da trama de <em>Os Relatos da Guerra das Tempestades<\/em> e transbordar\u00e1 definitivamente para o restante da Cosmere?<\/p>\n\n\n\n<h2 class=\"wp-block-heading\">Conclus\u00e3o<\/h2>\n\n\n\n<p>Os <strong>acertos<\/strong> s\u00e3o muitos: Shallan em modo protagonista, cenas de a\u00e7\u00e3o \u00e9picas e memor\u00e1veis, constru\u00e7\u00e3o de mundo que n\u00e3o para de crescer, personagens com profundidade. Personagens como <strong>Elhokar<\/strong> continuam irritantes, mas vou tentar confiar no que o futuro da s\u00e9rie reserva para ele, rs. <\/p>\n\n\n\n<p><em>Palavras de Radi\u00e2ncia<\/em> \u00e9 mais que uma continua\u00e7\u00e3o, \u00e9 uma consolida\u00e7\u00e3o do que <em>O Caminho dos Reis<\/em> come\u00e7ou e vai al\u00e9m. \u00c9 um livro que te testa, te surpreende, te emociona. E, quando termina, deixa a sensa\u00e7\u00e3o clara: essa n\u00e3o \u00e9 s\u00f3 uma s\u00e9rie de fantasia. Ela chegou para ganhar seu cora\u00e7\u00e3o. <\/p>\n\n\n\n<p>Sanderson conseguiu me deixar ainda mais envolvida com o destino desses personagens. Me fez chorar, rir, teorizar e querer mergulhar imediatamente no pr\u00f3ximo volume (<em>Sacramentadora<\/em>, eu estou vindo!).<\/p>\n\n\n\n<p><strong>Nota: \u2b50<\/strong>\u2b50\u2b50\u2b50\u2b50 + &lt;3<\/p>\n\n\n\n<figure class=\"wp-block-embed is-type-video is-provider-youtube wp-block-embed-youtube wp-embed-aspect-16-9 wp-has-aspect-ratio\"><div class=\"wp-block-embed__wrapper\">\n<iframe loading=\"lazy\" title=\"Vlog de leitura: Plavras de Radi\u00e2ncia (COM SPOILER!) Brandon Sanderson\" width=\"500\" height=\"281\" src=\"https:\/\/www.youtube.com\/embed\/6INeNZBC2tA?feature=oembed\" frameborder=\"0\" allow=\"accelerometer; autoplay; clipboard-write; encrypted-media; gyroscope; picture-in-picture; web-share\" referrerpolicy=\"strict-origin-when-cross-origin\" allowfullscreen><\/iframe>\n<\/div><\/figure>\n","protected":false},"excerpt":{"rendered":"<p>Sim, Sanderson fez de novo. Os Relatos da Guerra das Tempestades: Livro 1 | Livro 2 | LIVRO 3 Acompanhar essa s\u00e9rie \u00e9 mesmo uma jornada cheia de emo\u00e7\u00f5es, o que p\u00f5e em pr\u00e1tica um dos principais ideais da hist\u00f3ria: &#8220;jornada antes do destino&#8221;. Bem, at\u00e9 aqui, a jornada tem se provado intensa e cheia [&hellip;]<\/p>\n","protected":false},"author":4,"featured_media":284,"comment_status":"open","ping_status":"open","sticky":false,"template":"","format":"standard","meta":{"footnotes":""},"categories":[12],"tags":[7,9,89,90,92,8,94,6,87,93,91,88],"class_list":["post-258","post","type-post","status-publish","format-standard","has-post-thumbnail","hentry","category-sanderson","tag-brandon-sanderson","tag-cosmere","tag-esprenos","tag-jornada-antes-do-destino","tag-kaladin","tag-livros-de-fantasia","tag-mistborn","tag-os-relatos-da-guerra-das-tempestades","tag-palavras-de-radiancia","tag-sanguespectros","tag-shallan","tag-stormlight-archives"],"_links":{"self":[{"href":"https:\/\/abducaoliteraria.com.br\/blog\/wp-json\/wp\/v2\/posts\/258","targetHints":{"allow":["GET"]}}],"collection":[{"href":"https:\/\/abducaoliteraria.com.br\/blog\/wp-json\/wp\/v2\/posts"}],"about":[{"href":"https:\/\/abducaoliteraria.com.br\/blog\/wp-json\/wp\/v2\/types\/post"}],"author":[{"embeddable":true,"href":"https:\/\/abducaoliteraria.com.br\/blog\/wp-json\/wp\/v2\/users\/4"}],"replies":[{"embeddable":true,"href":"https:\/\/abducaoliteraria.com.br\/blog\/wp-json\/wp\/v2\/comments?post=258"}],"version-history":[{"count":9,"href":"https:\/\/abducaoliteraria.com.br\/blog\/wp-json\/wp\/v2\/posts\/258\/revisions"}],"predecessor-version":[{"id":285,"href":"https:\/\/abducaoliteraria.com.br\/blog\/wp-json\/wp\/v2\/posts\/258\/revisions\/285"}],"wp:featuredmedia":[{"embeddable":true,"href":"https:\/\/abducaoliteraria.com.br\/blog\/wp-json\/wp\/v2\/media\/284"}],"wp:attachment":[{"href":"https:\/\/abducaoliteraria.com.br\/blog\/wp-json\/wp\/v2\/media?parent=258"}],"wp:term":[{"taxonomy":"category","embeddable":true,"href":"https:\/\/abducaoliteraria.com.br\/blog\/wp-json\/wp\/v2\/categories?post=258"},{"taxonomy":"post_tag","embeddable":true,"href":"https:\/\/abducaoliteraria.com.br\/blog\/wp-json\/wp\/v2\/tags?post=258"}],"curies":[{"name":"wp","href":"https:\/\/api.w.org\/{rel}","templated":true}]}}