{"id":153,"date":"2025-07-10T15:02:40","date_gmt":"2025-07-10T15:02:40","guid":{"rendered":"https:\/\/abducaoliteraria.com.br\/blog\/?p=153"},"modified":"2025-07-10T15:09:25","modified_gmt":"2025-07-10T15:09:25","slug":"o-canto-mais-escuro-da-floresta-de-holly-black","status":"publish","type":"post","link":"https:\/\/abducaoliteraria.com.br\/blog\/2025\/07\/10\/o-canto-mais-escuro-da-floresta-de-holly-black\/","title":{"rendered":"O Canto Mais Escuro da Floresta, de Holly Black"},"content":{"rendered":"\n<p>Holly Black sempre teve um talento especial para escrever fadas do jeito que elas <em>realmente<\/em> deveriam ser: trai\u00e7oeiras, selvagens e perigosas. Em <em>O Canto Mais Escuro da Floresta<\/em>, ela mistura tudo isso com fantasia urbana, clima de mist\u00e9rio e uma dose de aventura adolescente. \u00c9 como um conto de fadas sombrio disfar\u00e7ado de s\u00e9rie de TV sobrenatural dos anos 2000.<\/p>\n\n\n\nFadas podem ser cru\u00e9is, magia pode ser mortal e o garoto adormecido num caix\u00e3o de vidro, um dia pode acordar.\n\n\n\n<h3 class=\"wp-block-heading\">Um pr\u00edncipe no caix\u00e3o de vidro<\/h3>\n\n\n\n<p>A trama se passa em <strong>Fairfold<\/strong>, uma cidadezinha peculiar onde humanos e seres fe\u00e9ricos compartilham o mesmo espa\u00e7o. L\u00e1, \u00e9 comum que turistas se aventurem at\u00e9 a floresta para tirar fotos de um <strong>pr\u00edncipe fe\u00e9rico adormecido<\/strong>, deitado h\u00e1 d\u00e9cadas em um caix\u00e3o de vidro, envolto por musgo, folhas e supersti\u00e7\u00e3o. Ningu\u00e9m sabe de onde ele veio ou por que est\u00e1 ali, mas todos o tratam como parte do folclore local. At\u00e9 que, um dia, ele desaparece e tudo muda.<\/p>\n\n\n\n<p>\u00c9 nesse cen\u00e1rio que conhecemos <strong>Hazel e Ben<\/strong>, dois irm\u00e3os criados na cidade e profundamente marcados pelo mundo m\u00e1gico \u00e0 sua volta. Quando crian\u00e7as, eles brincavam de ca\u00e7ar monstros e forjavam espadas de madeira para defender Fairfold. Mas agora s\u00e3o adolescentes, lidando com traumas, segredos e decis\u00f5es que ecoam as escolhas da inf\u00e2ncia. Quando o pr\u00edncipe some, eles se veem arrastados de volta para a floresta, mas desta vez, sem brincadeira.<\/p>\n\n\n\n<h3 class=\"wp-block-heading\">Mist\u00e9rios e um toque nost\u00e1lgico<\/h3>\n\n\n\n<p>O que eu mais gostei foi o <strong>clima de aventura com tons sombrios<\/strong>, meio <em>Stranger Things<\/em>, onde adolescentes enfrentam perigos sobrenaturais e descobrem verdades desconfort\u00e1veis sobre si mesmos e suas fam\u00edlias. Hazel tem um passado mais sombrio do que deixa transparecer. Ben carrega um dom m\u00e1gico que o assusta. E as <strong>fadas?<\/strong> N\u00e3o s\u00e3o criaturas bondosas com asas cintilantes. S\u00e3o violentas, manipuladoras, imprevis\u00edveis.<\/p>\n\n\n\n<p>A cidade inteira vive nesse limiar entre o encantamento e o terror. As criaturas fe\u00e9ricas andam por Fairfold, fazendo acordos que sempre custam mais do que parecem. E, no centro de tudo, h\u00e1 um cora\u00e7\u00e3o que bate com melancolia e desejo de liberdade, tanto para o pr\u00edncipe adormecido quanto para os irm\u00e3os que precisam decidir o que est\u00e3o dispostos a sacrificar.<\/p>\n\n\n\n\u00c9ramos crian\u00e7as. Pens\u00e1vamos que poder\u00edamos matar monstros e salvar o mundo. Agora sabemos que monstros vencem. E \u00e0s vezes, salv\u00e1-los d\u00f3i mais\n\n\n\n<h3 class=\"wp-block-heading\">Uma f\u00e1bula moderna <\/h3>\n\n\n\n<p>Eu j\u00e1 sou apaixonada por <em>O Pr\u00edncipe Cruel<\/em> e o universo de Elfhame, mas esse livro tem uma energia pr\u00f3pria, embora contida, quase como uma balada folk. \u00c9 uma <strong>aventura m\u00e1gica, mas tamb\u00e9m sobre amadurecimento<\/strong>, sobre como o passado deixa marcas invis\u00edveis e como o fant\u00e1stico pode ser t\u00e3o assustador quanto belo.<\/p>\n\n\n\n<p>Se voc\u00ea gosta de <strong>florestas com segredos, fadas que mordem antes de beijar, e adolescentes tentando encontrar seu lugar entre dois mundos<\/strong>, vai se encantar com essa leitura. N\u00e3o \u00e9 meu favorito da autora, mas \u00e9 uma aventura divertida com fadas assustadoras, ent\u00e3o eu nunca vou resistir a uma hist\u00f3ria assim.<\/p>\n\n\n\n<p><strong>\u2605\u2605\u2605\u2605\u2606<\/strong><\/p>\n\n\n\n<p>Recomendo para quem curte mitologia fe\u00e9rica, tramas adolescentes com tens\u00e3o e aquele clima de mist\u00e9rio m\u00e1gico no ar, com um pouco de nostalgia.<\/p>\n\n\n\n<p>Veja abaixo a capa que refiz para o livro &lt;3 <\/p>\n\n\n\n<figure class=\"wp-block-embed is-type-video is-provider-tiktok wp-block-embed-tiktok\"><div class=\"wp-block-embed__wrapper\">\n<blockquote class=\"tiktok-embed\" cite=\"https:\/\/www.tiktok.com\/@abducaoliteraria\/video\/7417202631229132037\" data-video-id=\"7417202631229132037\" data-embed-from=\"oembed\" style=\"max-width:605px; min-width:325px;\"> <section> <a target=\"_blank\" title=\"@abducaoliteraria\" href=\"https:\/\/www.tiktok.com\/@abducaoliteraria?refer=embed\">@abducaoliteraria<\/a> <p>&#8220;Fadas podem ser cru\u00e9is, magia pode ser mortal e o garoto adormecido num caix\u00e3o de vidro, um dia pode acordar&#8221;. <a title=\"livroscomfadas\" target=\"_blank\" href=\"https:\/\/www.tiktok.com\/tag\/livroscomfadas?refer=embed\">#livroscomfadas<\/a> <a title=\"fadas\" target=\"_blank\" href=\"https:\/\/www.tiktok.com\/tag\/fadas?refer=embed\">#fadas<\/a> <a title=\"bookswithfae\" target=\"_blank\" href=\"https:\/\/www.tiktok.com\/tag\/bookswithfae?refer=embed\">#bookswithfae<\/a> <a title=\"booktok\" target=\"_blank\" href=\"https:\/\/www.tiktok.com\/tag\/booktok?refer=embed\">#booktok<\/a> <a title=\"booktokbrasil\" target=\"_blank\" href=\"https:\/\/www.tiktok.com\/tag\/booktokbrasil?refer=embed\">#booktokbrasil<\/a> <a title=\"booktokviral\" target=\"_blank\" href=\"https:\/\/www.tiktok.com\/tag\/booktokviral?refer=embed\">#booktokviral<\/a> <a title=\"livrosdefantasia\" target=\"_blank\" href=\"https:\/\/www.tiktok.com\/tag\/livrosdefantasia?refer=embed\">#livrosdefantasia<\/a> <a title=\"bookfantasy\" target=\"_blank\" href=\"https:\/\/www.tiktok.com\/tag\/bookfantasy?refer=embed\">#bookfantasy<\/a> <a title=\"ocantomaisescurodafloresta\" target=\"_blank\" href=\"https:\/\/www.tiktok.com\/tag\/ocantomaisescurodafloresta?refer=embed\">#ocantomaisescurodafloresta<\/a> <a title=\"hollyblack\" target=\"_blank\" href=\"https:\/\/www.tiktok.com\/tag\/hollyblack?refer=embed\">#hollyblack<\/a> <a title=\"thedarkestpartoftheforest\" target=\"_blank\" href=\"https:\/\/www.tiktok.com\/tag\/thedarkestpartoftheforest?refer=embed\">#thedarkestpartoftheforest<\/a>    @Galera Record <\/p> <a target=\"_blank\" title=\"\u266c Tomorrow - Adri\u00e1n Berenguer\" href=\"https:\/\/www.tiktok.com\/music\/Tomorrow-6981828409060788225?refer=embed\">\u266c Tomorrow &#8211; Adri\u00e1n Berenguer<\/a> <\/section> <\/blockquote> <script async src=\"https:\/\/www.tiktok.com\/embed.js\"><\/script>\n<\/div><\/figure>\n","protected":false},"excerpt":{"rendered":"<p>Holly Black sempre teve um talento especial para escrever fadas do jeito que elas realmente deveriam ser: trai\u00e7oeiras, selvagens e perigosas. Em O Canto Mais Escuro da Floresta, ela mistura tudo isso com fantasia urbana, clima de mist\u00e9rio e uma dose de aventura adolescente. \u00c9 como um conto de fadas sombrio disfar\u00e7ado de s\u00e9rie de [&hellip;]<\/p>\n","protected":false},"author":4,"featured_media":158,"comment_status":"open","ping_status":"open","sticky":false,"template":"","format":"standard","meta":{"footnotes":""},"categories":[45],"tags":[46,51,50,48,47,49],"class_list":["post-153","post","type-post","status-publish","format-standard","has-post-thumbnail","hentry","category-fadas","tag-fadas","tag-folk-books","tag-holly-black","tag-livros-com-fadas","tag-livros-feericos","tag-o-canto-mais-escuro-da-floresta"],"_links":{"self":[{"href":"https:\/\/abducaoliteraria.com.br\/blog\/wp-json\/wp\/v2\/posts\/153","targetHints":{"allow":["GET"]}}],"collection":[{"href":"https:\/\/abducaoliteraria.com.br\/blog\/wp-json\/wp\/v2\/posts"}],"about":[{"href":"https:\/\/abducaoliteraria.com.br\/blog\/wp-json\/wp\/v2\/types\/post"}],"author":[{"embeddable":true,"href":"https:\/\/abducaoliteraria.com.br\/blog\/wp-json\/wp\/v2\/users\/4"}],"replies":[{"embeddable":true,"href":"https:\/\/abducaoliteraria.com.br\/blog\/wp-json\/wp\/v2\/comments?post=153"}],"version-history":[{"count":3,"href":"https:\/\/abducaoliteraria.com.br\/blog\/wp-json\/wp\/v2\/posts\/153\/revisions"}],"predecessor-version":[{"id":157,"href":"https:\/\/abducaoliteraria.com.br\/blog\/wp-json\/wp\/v2\/posts\/153\/revisions\/157"}],"wp:featuredmedia":[{"embeddable":true,"href":"https:\/\/abducaoliteraria.com.br\/blog\/wp-json\/wp\/v2\/media\/158"}],"wp:attachment":[{"href":"https:\/\/abducaoliteraria.com.br\/blog\/wp-json\/wp\/v2\/media?parent=153"}],"wp:term":[{"taxonomy":"category","embeddable":true,"href":"https:\/\/abducaoliteraria.com.br\/blog\/wp-json\/wp\/v2\/categories?post=153"},{"taxonomy":"post_tag","embeddable":true,"href":"https:\/\/abducaoliteraria.com.br\/blog\/wp-json\/wp\/v2\/tags?post=153"}],"curies":[{"name":"wp","href":"https:\/\/api.w.org\/{rel}","templated":true}]}}